{"id":14987,"date":"2025-02-14T13:43:48","date_gmt":"2025-02-14T13:43:48","guid":{"rendered":"https:\/\/www.suh.edu.pl\/?p=14987"},"modified":"2025-02-14T13:43:48","modified_gmt":"2025-02-14T13:43:48","slug":"ferie-zimowe-2025","status":"publish","type":"post","link":"https:\/\/www.suh.edu.pl\/?p=14987","title":{"rendered":"Ferie Zimowe 2025"},"content":{"rendered":"\n<p>Drodzy Uczniowie<\/p>\n\n\n\n<p>Tegoroczne ferie zimowe w wojew\u00f3dztwie podkarpackim rozpoczn\u0105 si\u0119 w najbli\u017cszy poniedzia\u0142ek &#8211; 17 lutego i potrwaj\u0105 do 2 marca.<\/p>\n\n\n\n<p>\u017byczymy Wam udanego i bezpiecznego wypoczynku! <img loading=\"lazy\" decoding=\"async\" height=\"16\" width=\"16\" alt=\"\ud83c\udfc2\" src=\"https:\/\/static.xx.fbcdn.net\/images\/emoji.php\/v9\/tba\/1\/16\/1f3c2.png\"><img loading=\"lazy\" decoding=\"async\" height=\"16\" width=\"16\" alt=\"\u26f7\" src=\"https:\/\/static.xx.fbcdn.net\/images\/emoji.php\/v9\/t7e\/1\/16\/26f7.png\"><img loading=\"lazy\" decoding=\"async\" height=\"16\" width=\"16\" alt=\"\ud83d\udef7\" src=\"https:\/\/static.xx.fbcdn.net\/images\/emoji.php\/v9\/tdf\/1\/16\/1f6f7.png\"><img loading=\"lazy\" decoding=\"async\" height=\"16\" width=\"16\" alt=\"\u26f8\" src=\"https:\/\/static.xx.fbcdn.net\/images\/emoji.php\/v9\/tff\/1\/16\/26f8.png\"><\/p>\n\n\n\n<p>Do <a><\/a>zobaczenia 3 marca w szkole.<\/p>\n\n\n\n<figure class=\"wp-block-image size-full\"><a href=\"https:\/\/www.suh.edu.pl\/wp-content\/uploads\/2025\/02\/ferie.jpeg\"><img loading=\"lazy\" decoding=\"async\" width=\"652\" height=\"365\" src=\"https:\/\/www.suh.edu.pl\/wp-content\/uploads\/2025\/02\/ferie.jpeg\" alt=\"\" class=\"wp-image-14988\" srcset=\"https:\/\/www.suh.edu.pl\/wp-content\/uploads\/2025\/02\/ferie.jpeg 652w, https:\/\/www.suh.edu.pl\/wp-content\/uploads\/2025\/02\/ferie-300x168.jpeg 300w\" sizes=\"(max-width: 652px) 100vw, 652px\" \/><\/a><\/figure>\n","protected":false},"excerpt":{"rendered":"<p>Drodzy Uczniowie Tegoroczne ferie zimowe w wojew\u00f3dztwie podkarpackim rozpoczn\u0105 si\u0119 w najbli\u017cszy poniedzia\u0142ek &#8211; 17 lutego i potrwaj\u0105 do 2 marca. \u017byczymy Wam udanego i bezpiecznego wypoczynku! Do zobaczenia 3 marca w szkole.<\/p>\n","protected":false},"author":1,"featured_media":0,"comment_status":"open","ping_status":"open","sticky":false,"template":"","format":"standard","meta":{"footnotes":""},"categories":[1],"tags":[],"class_list":["post-14987","post","type-post","status-publish","format-standard","hentry","category-bez-kategorii"],"_links":{"self":[{"href":"https:\/\/www.suh.edu.pl\/index.php?rest_route=\/wp\/v2\/posts\/14987"}],"collection":[{"href":"https:\/\/www.suh.edu.pl\/index.php?rest_route=\/wp\/v2\/posts"}],"about":[{"href":"https:\/\/www.suh.edu.pl\/index.php?rest_route=\/wp\/v2\/types\/post"}],"author":[{"embeddable":true,"href":"https:\/\/www.suh.edu.pl\/index.php?rest_route=\/wp\/v2\/users\/1"}],"replies":[{"embeddable":true,"href":"https:\/\/www.suh.edu.pl\/index.php?rest_route=%2Fwp%2Fv2%2Fcomments&post=14987"}],"version-history":[{"count":1,"href":"https:\/\/www.suh.edu.pl\/index.php?rest_route=\/wp\/v2\/posts\/14987\/revisions"}],"predecessor-version":[{"id":14989,"href":"https:\/\/www.suh.edu.pl\/index.php?rest_route=\/wp\/v2\/posts\/14987\/revisions\/14989"}],"wp:attachment":[{"href":"https:\/\/www.suh.edu.pl\/index.php?rest_route=%2Fwp%2Fv2%2Fmedia&parent=14987"}],"wp:term":[{"taxonomy":"category","embeddable":true,"href":"https:\/\/www.suh.edu.pl\/index.php?rest_route=%2Fwp%2Fv2%2Fcategories&post=14987"},{"taxonomy":"post_tag","embeddable":true,"href":"https:\/\/www.suh.edu.pl\/index.php?rest_route=%2Fwp%2Fv2%2Ftags&post=14987"}],"curies":[{"name":"wp","href":"https:\/\/api.w.org\/{rel}","templated":true}]}}