{"id":14991,"date":"2025-03-21T08:23:28","date_gmt":"2025-03-21T08:23:28","guid":{"rendered":"https:\/\/www.suh.edu.pl\/?p=14991"},"modified":"2025-03-21T08:23:28","modified_gmt":"2025-03-21T08:23:28","slug":"swiatowy-dzien-osob-z-zespolem-downa-2","status":"publish","type":"post","link":"https:\/\/www.suh.edu.pl\/?p=14991","title":{"rendered":"\u015awiatowy Dzie\u0144 Os\u00f3b z Zespo\u0142em Downa"},"content":{"rendered":"\n<p>Obchodzimy to \u015bwi\u0119to obok pierwszego dnia wiosny, czyli&nbsp; 21&nbsp;marca, poniewa\u017c osoby z&nbsp;tym zespo\u0142em wad wrodzonych w&nbsp;21.&nbsp;parze chromosom\u00f3w maj\u0105 trzy chromosomy, zamiast dw\u00f3ch.<\/p>\n\n\n\n<p>21 marca na&nbsp;znak solidarno\u015bci z&nbsp;osobami z&nbsp;Zespo\u0142em Downa m\u0142odzie\u017c naszej szko\u0142y za\u0142o\u017cy\u0142a&nbsp; kolorowe&nbsp;skarpetki nie do&nbsp;pary, gdy\u017c kszta\u0142tem przypominaj\u0105 chromosom.&nbsp;<\/p>\n\n\n\n<p>W naszym szkole staramy si\u0119, aby ka\u017cdy ucze\u0144 rozwija\u0142 si\u0119 w jak najpe\u0142niejszy spos\u00f3b, by\u0142 traktowany<br>z&nbsp;szacunkiem, zrozumieniem i&nbsp;akceptacj\u0105.<\/p>\n\n\n\n<p>Za\u015bpiewajcie z&nbsp;nami piosenk\u0119&nbsp;&#8222;Jeste\u015bmy tacy sami, cho\u0107 r\u00f3\u017cnimy si\u0119 czasami&#8221;.<\/p>\n\n\n\n<p><a href=\"https:\/\/www.canva.com\/design\/DAGiVrSK-MM\/uIeA-hH3fzj82tqwNFL1sw\/edit?utm_content=DAGiVrSK-MM&amp;utm_campaign=designshare&amp;utm_medium=link2&amp;utm_source=sharebutton\" target=\"_blank\" rel=\"noreferrer noopener nofollow\">Piosenka &#8222;Jeste\u015bmy tacy sami, cho\u0107 r\u00f3\u017cnimy si\u0119 czasami&#8221;<\/a><\/p>\n\n\n<div class=\"wp-block-image\">\n<figure class=\"aligncenter size-full\"><a href=\"https:\/\/www.suh.edu.pl\/wp-content\/uploads\/2025\/03\/hdimg3a1140b1e3566d8a26d695711e0f05.jpg\"><img loading=\"lazy\" decoding=\"async\" width=\"452\" height=\"640\" src=\"https:\/\/www.suh.edu.pl\/wp-content\/uploads\/2025\/03\/hdimg3a1140b1e3566d8a26d695711e0f05.jpg\" alt=\"\" class=\"wp-image-14993\" srcset=\"https:\/\/www.suh.edu.pl\/wp-content\/uploads\/2025\/03\/hdimg3a1140b1e3566d8a26d695711e0f05.jpg 452w, https:\/\/www.suh.edu.pl\/wp-content\/uploads\/2025\/03\/hdimg3a1140b1e3566d8a26d695711e0f05-212x300.jpg 212w\" sizes=\"(max-width: 452px) 100vw, 452px\" \/><\/a><\/figure><\/div>\n\n\n<figure class=\"wp-block-gallery has-nested-images columns-default is-cropped wp-block-gallery-1 is-layout-flex wp-block-gallery-is-layout-flex\">\n<figure class=\"wp-block-image size-large\"><a href=\"https:\/\/www.suh.edu.pl\/wp-content\/uploads\/2025\/03\/hdimgbd7330a0309b2c2270c89fb8697c19.jpg\"><img loading=\"lazy\" decoding=\"async\" width=\"640\" height=\"482\" data-id=\"14994\" src=\"https:\/\/www.suh.edu.pl\/wp-content\/uploads\/2025\/03\/hdimgbd7330a0309b2c2270c89fb8697c19.jpg\" alt=\"\" class=\"wp-image-14994\" srcset=\"https:\/\/www.suh.edu.pl\/wp-content\/uploads\/2025\/03\/hdimgbd7330a0309b2c2270c89fb8697c19.jpg 640w, https:\/\/www.suh.edu.pl\/wp-content\/uploads\/2025\/03\/hdimgbd7330a0309b2c2270c89fb8697c19-300x226.jpg 300w\" sizes=\"(max-width: 640px) 100vw, 640px\" \/><\/a><\/figure>\n\n\n\n<figure class=\"wp-block-image size-large\"><a href=\"https:\/\/www.suh.edu.pl\/wp-content\/uploads\/2025\/03\/hdimg78f5a150e4e482a4200b9aab6562c4.jpg\"><img loading=\"lazy\" decoding=\"async\" width=\"640\" height=\"482\" data-id=\"14995\" src=\"https:\/\/www.suh.edu.pl\/wp-content\/uploads\/2025\/03\/hdimg78f5a150e4e482a4200b9aab6562c4.jpg\" alt=\"\" class=\"wp-image-14995\" srcset=\"https:\/\/www.suh.edu.pl\/wp-content\/uploads\/2025\/03\/hdimg78f5a150e4e482a4200b9aab6562c4.jpg 640w, https:\/\/www.suh.edu.pl\/wp-content\/uploads\/2025\/03\/hdimg78f5a150e4e482a4200b9aab6562c4-300x226.jpg 300w\" sizes=\"(max-width: 640px) 100vw, 640px\" \/><\/a><\/figure>\n\n\n\n<figure class=\"wp-block-image size-large\"><a href=\"https:\/\/www.suh.edu.pl\/wp-content\/uploads\/2025\/03\/hdimga9759bacc3a327dad63a3408bcaff6.jpg\"><img loading=\"lazy\" decoding=\"async\" width=\"640\" height=\"482\" data-id=\"14996\" src=\"https:\/\/www.suh.edu.pl\/wp-content\/uploads\/2025\/03\/hdimga9759bacc3a327dad63a3408bcaff6.jpg\" alt=\"\" class=\"wp-image-14996\" srcset=\"https:\/\/www.suh.edu.pl\/wp-content\/uploads\/2025\/03\/hdimga9759bacc3a327dad63a3408bcaff6.jpg 640w, https:\/\/www.suh.edu.pl\/wp-content\/uploads\/2025\/03\/hdimga9759bacc3a327dad63a3408bcaff6-300x226.jpg 300w\" sizes=\"(max-width: 640px) 100vw, 640px\" \/><\/a><\/figure>\n\n\n\n<figure class=\"wp-block-image size-large\"><a href=\"https:\/\/www.suh.edu.pl\/wp-content\/uploads\/2025\/03\/hdimg31d956fc2595bf0c7db14816c85a3f.jpg\"><img loading=\"lazy\" decoding=\"async\" width=\"640\" height=\"480\" data-id=\"14992\" src=\"https:\/\/www.suh.edu.pl\/wp-content\/uploads\/2025\/03\/hdimg31d956fc2595bf0c7db14816c85a3f.jpg\" alt=\"\" class=\"wp-image-14992\" srcset=\"https:\/\/www.suh.edu.pl\/wp-content\/uploads\/2025\/03\/hdimg31d956fc2595bf0c7db14816c85a3f.jpg 640w, https:\/\/www.suh.edu.pl\/wp-content\/uploads\/2025\/03\/hdimg31d956fc2595bf0c7db14816c85a3f-300x225.jpg 300w\" sizes=\"(max-width: 640px) 100vw, 640px\" \/><\/a><\/figure>\n\n\n\n<figure class=\"wp-block-image size-large\"><a href=\"https:\/\/www.suh.edu.pl\/wp-content\/uploads\/2025\/03\/hdimgc3fdaf85a0c963c661e14e73012702.jpg\"><img loading=\"lazy\" decoding=\"async\" width=\"640\" height=\"482\" data-id=\"14997\" src=\"https:\/\/www.suh.edu.pl\/wp-content\/uploads\/2025\/03\/hdimgc3fdaf85a0c963c661e14e73012702.jpg\" alt=\"\" class=\"wp-image-14997\" srcset=\"https:\/\/www.suh.edu.pl\/wp-content\/uploads\/2025\/03\/hdimgc3fdaf85a0c963c661e14e73012702.jpg 640w, https:\/\/www.suh.edu.pl\/wp-content\/uploads\/2025\/03\/hdimgc3fdaf85a0c963c661e14e73012702-300x226.jpg 300w\" sizes=\"(max-width: 640px) 100vw, 640px\" \/><\/a><\/figure>\n<\/figure>\n","protected":false},"excerpt":{"rendered":"<p>Obchodzimy to \u015bwi\u0119to obok pierwszego dnia wiosny, czyli&nbsp; 21&nbsp;marca, poniewa\u017c osoby z&nbsp;tym zespo\u0142em wad wrodzonych w&nbsp;21.&nbsp;parze chromosom\u00f3w maj\u0105 trzy chromosomy, zamiast dw\u00f3ch. 21 marca na&nbsp;znak solidarno\u015bci z&nbsp;osobami z&nbsp;Zespo\u0142em Downa m\u0142odzie\u017c naszej szko\u0142y za\u0142o\u017cy\u0142a&nbsp; kolorowe&nbsp;skarpetki nie do&nbsp;pary, gdy\u017c kszta\u0142tem przypominaj\u0105 chromosom.&nbsp; &hellip; <a href=\"https:\/\/www.suh.edu.pl\/?p=14991\">Czytaj dalej <span class=\"meta-nav\">&rarr;<\/span><\/a><\/p>\n","protected":false},"author":1,"featured_media":0,"comment_status":"open","ping_status":"open","sticky":false,"template":"","format":"standard","meta":{"footnotes":""},"categories":[1],"tags":[],"class_list":["post-14991","post","type-post","status-publish","format-standard","hentry","category-bez-kategorii"],"_links":{"self":[{"href":"https:\/\/www.suh.edu.pl\/index.php?rest_route=\/wp\/v2\/posts\/14991"}],"collection":[{"href":"https:\/\/www.suh.edu.pl\/index.php?rest_route=\/wp\/v2\/posts"}],"about":[{"href":"https:\/\/www.suh.edu.pl\/index.php?rest_route=\/wp\/v2\/types\/post"}],"author":[{"embeddable":true,"href":"https:\/\/www.suh.edu.pl\/index.php?rest_route=\/wp\/v2\/users\/1"}],"replies":[{"embeddable":true,"href":"https:\/\/www.suh.edu.pl\/index.php?rest_route=%2Fwp%2Fv2%2Fcomments&post=14991"}],"version-history":[{"count":1,"href":"https:\/\/www.suh.edu.pl\/index.php?rest_route=\/wp\/v2\/posts\/14991\/revisions"}],"predecessor-version":[{"id":14998,"href":"https:\/\/www.suh.edu.pl\/index.php?rest_route=\/wp\/v2\/posts\/14991\/revisions\/14998"}],"wp:attachment":[{"href":"https:\/\/www.suh.edu.pl\/index.php?rest_route=%2Fwp%2Fv2%2Fmedia&parent=14991"}],"wp:term":[{"taxonomy":"category","embeddable":true,"href":"https:\/\/www.suh.edu.pl\/index.php?rest_route=%2Fwp%2Fv2%2Fcategories&post=14991"},{"taxonomy":"post_tag","embeddable":true,"href":"https:\/\/www.suh.edu.pl\/index.php?rest_route=%2Fwp%2Fv2%2Ftags&post=14991"}],"curies":[{"name":"wp","href":"https:\/\/api.w.org\/{rel}","templated":true}]}}