{"id":15000,"date":"2025-04-02T15:20:03","date_gmt":"2025-04-02T15:20:03","guid":{"rendered":"https:\/\/www.suh.edu.pl\/?p=15000"},"modified":"2025-04-02T15:20:03","modified_gmt":"2025-04-02T15:20:03","slug":"2-kwietnia-swiatowy-dzien-swiadomosci-na-temat-autyzmu","status":"publish","type":"post","link":"https:\/\/www.suh.edu.pl\/?p=15000","title":{"rendered":"2 kwietnia \u015awiatowy Dzie\u0144 \u015awiadomo\u015bci na Temat Autyzmu"},"content":{"rendered":"\n<p>Od kilku lat kwiecie\u0144 jest \u015awiatowym Miesi\u0105cem Wiedzy na Temat Autyzmu, by zwr\u00f3ci\u0107 uwag\u0119 spo\u0142ecze\u0144stwa na potrzeby i problemy os\u00f3b dotkni\u0119tych autyzmem. My, r\u00f3wnie\u017c wyra\u017camy nasz\u0105 solidarno\u015b\u0107, chcemy wiedzie\u0107 wi\u0119cej &nbsp;i propagowa\u0107 wiedz\u0119 na ten temat.<\/p>\n\n\n\n<p>&nbsp;&nbsp;&nbsp;&nbsp; Kolorem symbolizuj\u0105cym autyzm jest niebieski. <strong>Za\u0142o\u017cyli\u015bmy niebieskie koszulki, nie &nbsp;zabrak\u0142o te\u017c innych akcent\u00f3w jak przystrojona na niebiesko jadalnia i balony do skr\u0119cania oczywi\u015bcie w niebieskim kolorze. Sebastian &#8211; jeden z uczni\u00f3w naszej szko\u0142y od samego rana skr\u0119ca\u0142 balony na \u017cyczenie swoich kole\u017canek i koleg\u00f3w. Wykona\u0142 te\u017c napis z prawie trzydziestu balon\u00f3w &#8211;&nbsp; co przedstawiaj\u0105 zdj\u0119cia. <\/strong>AuTyZM WpRoWadZa zMys\u0141y w B\u0142\u0104d. Czy odczytaliby\u015bcie napis z naszego zdj\u0119cia? Ile by Wam to zaj\u0119\u0142o?<a><\/a> Osoby z autyzmem postrzegaj\u0105 \u015bwiat inaczej, tak&nbsp; jak&nbsp; My teraz widzimy ten napis.<strong><\/strong><\/p>\n\n\n\n<p>Aby dowiedzie\u0107 si\u0119 czego\u015b wi\u0119cej na temat autyzmu zach\u0119camy wszystkich do obejrzenia filmiku.<strong><\/strong><\/p>\n\n\n\n<figure class=\"wp-block-embed is-type-video is-provider-youtube wp-block-embed-youtube wp-embed-aspect-16-9 wp-has-aspect-ratio\"><div class=\"wp-block-embed__wrapper\">\n<iframe loading=\"lazy\" title=\"Amazing things Happen - Polish (Narrated by Kayah)\" width=\"640\" height=\"360\" src=\"https:\/\/www.youtube.com\/embed\/QLv-dvLCgAg?feature=oembed\" frameborder=\"0\" allow=\"accelerometer; autoplay; clipboard-write; encrypted-media; gyroscope; picture-in-picture; web-share\" referrerpolicy=\"strict-origin-when-cross-origin\" allowfullscreen><\/iframe>\n<\/div><\/figure>\n\n\n\n<figure class=\"wp-block-gallery has-nested-images columns-default is-cropped wp-block-gallery-1 is-layout-flex wp-block-gallery-is-layout-flex\">\n<figure class=\"wp-block-image size-large\"><a href=\"https:\/\/www.suh.edu.pl\/wp-content\/uploads\/2025\/04\/naklejka-autyzm-z-logo-nowej-strony-szkoly.png\"><img loading=\"lazy\" decoding=\"async\" width=\"1024\" height=\"1024\" data-id=\"15031\" src=\"https:\/\/www.suh.edu.pl\/wp-content\/uploads\/2025\/04\/naklejka-autyzm-z-logo-nowej-strony-szkoly-1024x1024.png\" alt=\"\" class=\"wp-image-15031\" srcset=\"https:\/\/www.suh.edu.pl\/wp-content\/uploads\/2025\/04\/naklejka-autyzm-z-logo-nowej-strony-szkoly-1024x1024.png 1024w, https:\/\/www.suh.edu.pl\/wp-content\/uploads\/2025\/04\/naklejka-autyzm-z-logo-nowej-strony-szkoly-300x300.png 300w, https:\/\/www.suh.edu.pl\/wp-content\/uploads\/2025\/04\/naklejka-autyzm-z-logo-nowej-strony-szkoly-150x150.png 150w, https:\/\/www.suh.edu.pl\/wp-content\/uploads\/2025\/04\/naklejka-autyzm-z-logo-nowej-strony-szkoly-768x768.png 768w, https:\/\/www.suh.edu.pl\/wp-content\/uploads\/2025\/04\/naklejka-autyzm-z-logo-nowej-strony-szkoly.png 1080w\" sizes=\"(max-width: 1024px) 100vw, 1024px\" \/><\/a><\/figure>\n\n\n\n<figure class=\"wp-block-image size-large\"><a href=\"https:\/\/www.suh.edu.pl\/wp-content\/uploads\/2025\/04\/autyzm_badz_niebieski_030.jpg\"><img loading=\"lazy\" decoding=\"async\" width=\"1024\" height=\"771\" data-id=\"15022\" src=\"https:\/\/www.suh.edu.pl\/wp-content\/uploads\/2025\/04\/autyzm_badz_niebieski_030-1024x771.jpg\" alt=\"\" class=\"wp-image-15022\" srcset=\"https:\/\/www.suh.edu.pl\/wp-content\/uploads\/2025\/04\/autyzm_badz_niebieski_030-1024x771.jpg 1024w, https:\/\/www.suh.edu.pl\/wp-content\/uploads\/2025\/04\/autyzm_badz_niebieski_030-300x226.jpg 300w, https:\/\/www.suh.edu.pl\/wp-content\/uploads\/2025\/04\/autyzm_badz_niebieski_030-768x578.jpg 768w, https:\/\/www.suh.edu.pl\/wp-content\/uploads\/2025\/04\/autyzm_badz_niebieski_030.jpg 1280w\" sizes=\"(max-width: 1024px) 100vw, 1024px\" \/><\/a><\/figure>\n\n\n\n<figure class=\"wp-block-image size-large\"><a href=\"https:\/\/www.suh.edu.pl\/wp-content\/uploads\/2025\/04\/autyzm_badz_niebieski_011.jpg\"><img loading=\"lazy\" decoding=\"async\" width=\"1024\" height=\"768\" data-id=\"15008\" src=\"https:\/\/www.suh.edu.pl\/wp-content\/uploads\/2025\/04\/autyzm_badz_niebieski_011-1024x768.jpg\" alt=\"\" class=\"wp-image-15008\" srcset=\"https:\/\/www.suh.edu.pl\/wp-content\/uploads\/2025\/04\/autyzm_badz_niebieski_011-1024x768.jpg 1024w, https:\/\/www.suh.edu.pl\/wp-content\/uploads\/2025\/04\/autyzm_badz_niebieski_011-300x225.jpg 300w, https:\/\/www.suh.edu.pl\/wp-content\/uploads\/2025\/04\/autyzm_badz_niebieski_011-768x576.jpg 768w, https:\/\/www.suh.edu.pl\/wp-content\/uploads\/2025\/04\/autyzm_badz_niebieski_011.jpg 1280w\" sizes=\"(max-width: 1024px) 100vw, 1024px\" \/><\/a><\/figure>\n\n\n\n<figure class=\"wp-block-image size-large\"><a href=\"https:\/\/www.suh.edu.pl\/wp-content\/uploads\/2025\/04\/autyzm_badz_niebieski_001.jpg\"><img loading=\"lazy\" decoding=\"async\" width=\"1024\" height=\"768\" data-id=\"15001\" src=\"https:\/\/www.suh.edu.pl\/wp-content\/uploads\/2025\/04\/autyzm_badz_niebieski_001-1024x768.jpg\" alt=\"\" class=\"wp-image-15001\" srcset=\"https:\/\/www.suh.edu.pl\/wp-content\/uploads\/2025\/04\/autyzm_badz_niebieski_001-1024x768.jpg 1024w, https:\/\/www.suh.edu.pl\/wp-content\/uploads\/2025\/04\/autyzm_badz_niebieski_001-300x225.jpg 300w, https:\/\/www.suh.edu.pl\/wp-content\/uploads\/2025\/04\/autyzm_badz_niebieski_001-768x576.jpg 768w, https:\/\/www.suh.edu.pl\/wp-content\/uploads\/2025\/04\/autyzm_badz_niebieski_001.jpg 1280w\" sizes=\"(max-width: 1024px) 100vw, 1024px\" \/><\/a><\/figure>\n\n\n\n<figure class=\"wp-block-image size-large\"><a href=\"https:\/\/www.suh.edu.pl\/wp-content\/uploads\/2025\/04\/autyzm_badz_niebieski_002.jpg\"><img loading=\"lazy\" decoding=\"async\" width=\"1024\" height=\"768\" data-id=\"15002\" src=\"https:\/\/www.suh.edu.pl\/wp-content\/uploads\/2025\/04\/autyzm_badz_niebieski_002-1024x768.jpg\" alt=\"\" class=\"wp-image-15002\" srcset=\"https:\/\/www.suh.edu.pl\/wp-content\/uploads\/2025\/04\/autyzm_badz_niebieski_002-1024x768.jpg 1024w, https:\/\/www.suh.edu.pl\/wp-content\/uploads\/2025\/04\/autyzm_badz_niebieski_002-300x225.jpg 300w, https:\/\/www.suh.edu.pl\/wp-content\/uploads\/2025\/04\/autyzm_badz_niebieski_002-768x576.jpg 768w, https:\/\/www.suh.edu.pl\/wp-content\/uploads\/2025\/04\/autyzm_badz_niebieski_002.jpg 1280w\" sizes=\"(max-width: 1024px) 100vw, 1024px\" \/><\/a><\/figure>\n\n\n\n<figure class=\"wp-block-image size-large\"><a href=\"https:\/\/www.suh.edu.pl\/wp-content\/uploads\/2025\/04\/autyzm_badz_niebieski_004.jpg\"><img loading=\"lazy\" decoding=\"async\" width=\"768\" height=\"1024\" data-id=\"15003\" src=\"https:\/\/www.suh.edu.pl\/wp-content\/uploads\/2025\/04\/autyzm_badz_niebieski_004-768x1024.jpg\" alt=\"\" class=\"wp-image-15003\" srcset=\"https:\/\/www.suh.edu.pl\/wp-content\/uploads\/2025\/04\/autyzm_badz_niebieski_004-768x1024.jpg 768w, https:\/\/www.suh.edu.pl\/wp-content\/uploads\/2025\/04\/autyzm_badz_niebieski_004-225x300.jpg 225w, https:\/\/www.suh.edu.pl\/wp-content\/uploads\/2025\/04\/autyzm_badz_niebieski_004.jpg 960w\" sizes=\"(max-width: 768px) 100vw, 768px\" \/><\/a><\/figure>\n\n\n\n<figure class=\"wp-block-image size-large\"><a href=\"https:\/\/www.suh.edu.pl\/wp-content\/uploads\/2025\/04\/autyzm_badz_niebieski_005.jpg\"><img loading=\"lazy\" decoding=\"async\" width=\"1024\" height=\"768\" data-id=\"15004\" src=\"https:\/\/www.suh.edu.pl\/wp-content\/uploads\/2025\/04\/autyzm_badz_niebieski_005-1024x768.jpg\" alt=\"\" class=\"wp-image-15004\" srcset=\"https:\/\/www.suh.edu.pl\/wp-content\/uploads\/2025\/04\/autyzm_badz_niebieski_005-1024x768.jpg 1024w, https:\/\/www.suh.edu.pl\/wp-content\/uploads\/2025\/04\/autyzm_badz_niebieski_005-300x225.jpg 300w, https:\/\/www.suh.edu.pl\/wp-content\/uploads\/2025\/04\/autyzm_badz_niebieski_005-768x576.jpg 768w, https:\/\/www.suh.edu.pl\/wp-content\/uploads\/2025\/04\/autyzm_badz_niebieski_005.jpg 1280w\" sizes=\"(max-width: 1024px) 100vw, 1024px\" \/><\/a><\/figure>\n\n\n\n<figure class=\"wp-block-image size-large\"><a href=\"https:\/\/www.suh.edu.pl\/wp-content\/uploads\/2025\/04\/autyzm_badz_niebieski_006.jpg\"><img loading=\"lazy\" decoding=\"async\" width=\"768\" height=\"1024\" data-id=\"15005\" src=\"https:\/\/www.suh.edu.pl\/wp-content\/uploads\/2025\/04\/autyzm_badz_niebieski_006-768x1024.jpg\" alt=\"\" class=\"wp-image-15005\" srcset=\"https:\/\/www.suh.edu.pl\/wp-content\/uploads\/2025\/04\/autyzm_badz_niebieski_006-768x1024.jpg 768w, https:\/\/www.suh.edu.pl\/wp-content\/uploads\/2025\/04\/autyzm_badz_niebieski_006-225x300.jpg 225w, https:\/\/www.suh.edu.pl\/wp-content\/uploads\/2025\/04\/autyzm_badz_niebieski_006.jpg 960w\" sizes=\"(max-width: 768px) 100vw, 768px\" \/><\/a><\/figure>\n\n\n\n<figure class=\"wp-block-image size-large\"><a href=\"https:\/\/www.suh.edu.pl\/wp-content\/uploads\/2025\/04\/autyzm_badz_niebieski_007.jpg\"><img loading=\"lazy\" decoding=\"async\" width=\"1024\" height=\"768\" data-id=\"15006\" src=\"https:\/\/www.suh.edu.pl\/wp-content\/uploads\/2025\/04\/autyzm_badz_niebieski_007-1024x768.jpg\" alt=\"\" class=\"wp-image-15006\" srcset=\"https:\/\/www.suh.edu.pl\/wp-content\/uploads\/2025\/04\/autyzm_badz_niebieski_007-1024x768.jpg 1024w, https:\/\/www.suh.edu.pl\/wp-content\/uploads\/2025\/04\/autyzm_badz_niebieski_007-300x225.jpg 300w, https:\/\/www.suh.edu.pl\/wp-content\/uploads\/2025\/04\/autyzm_badz_niebieski_007-768x576.jpg 768w, https:\/\/www.suh.edu.pl\/wp-content\/uploads\/2025\/04\/autyzm_badz_niebieski_007.jpg 1280w\" sizes=\"(max-width: 1024px) 100vw, 1024px\" \/><\/a><\/figure>\n\n\n\n<figure class=\"wp-block-image size-large\"><a href=\"https:\/\/www.suh.edu.pl\/wp-content\/uploads\/2025\/04\/autyzm_badz_niebieski_010.jpg\"><img loading=\"lazy\" decoding=\"async\" width=\"1024\" height=\"768\" data-id=\"15007\" src=\"https:\/\/www.suh.edu.pl\/wp-content\/uploads\/2025\/04\/autyzm_badz_niebieski_010-1024x768.jpg\" alt=\"\" class=\"wp-image-15007\" srcset=\"https:\/\/www.suh.edu.pl\/wp-content\/uploads\/2025\/04\/autyzm_badz_niebieski_010-1024x768.jpg 1024w, https:\/\/www.suh.edu.pl\/wp-content\/uploads\/2025\/04\/autyzm_badz_niebieski_010-300x225.jpg 300w, https:\/\/www.suh.edu.pl\/wp-content\/uploads\/2025\/04\/autyzm_badz_niebieski_010-768x576.jpg 768w, https:\/\/www.suh.edu.pl\/wp-content\/uploads\/2025\/04\/autyzm_badz_niebieski_010.jpg 1280w\" sizes=\"(max-width: 1024px) 100vw, 1024px\" \/><\/a><\/figure>\n\n\n\n<figure class=\"wp-block-image size-large\"><a href=\"https:\/\/www.suh.edu.pl\/wp-content\/uploads\/2025\/04\/autyzm_badz_niebieski_012.jpg\"><img loading=\"lazy\" decoding=\"async\" width=\"1024\" height=\"768\" data-id=\"15009\" src=\"https:\/\/www.suh.edu.pl\/wp-content\/uploads\/2025\/04\/autyzm_badz_niebieski_012-1024x768.jpg\" alt=\"\" class=\"wp-image-15009\" srcset=\"https:\/\/www.suh.edu.pl\/wp-content\/uploads\/2025\/04\/autyzm_badz_niebieski_012-1024x768.jpg 1024w, https:\/\/www.suh.edu.pl\/wp-content\/uploads\/2025\/04\/autyzm_badz_niebieski_012-300x225.jpg 300w, https:\/\/www.suh.edu.pl\/wp-content\/uploads\/2025\/04\/autyzm_badz_niebieski_012-768x576.jpg 768w, https:\/\/www.suh.edu.pl\/wp-content\/uploads\/2025\/04\/autyzm_badz_niebieski_012.jpg 1280w\" sizes=\"(max-width: 1024px) 100vw, 1024px\" \/><\/a><\/figure>\n\n\n\n<figure class=\"wp-block-image size-large\"><a href=\"https:\/\/www.suh.edu.pl\/wp-content\/uploads\/2025\/04\/autyzm_badz_niebieski_015.jpg\"><img loading=\"lazy\" decoding=\"async\" width=\"1024\" height=\"768\" data-id=\"15010\" src=\"https:\/\/www.suh.edu.pl\/wp-content\/uploads\/2025\/04\/autyzm_badz_niebieski_015-1024x768.jpg\" alt=\"\" class=\"wp-image-15010\" srcset=\"https:\/\/www.suh.edu.pl\/wp-content\/uploads\/2025\/04\/autyzm_badz_niebieski_015-1024x768.jpg 1024w, https:\/\/www.suh.edu.pl\/wp-content\/uploads\/2025\/04\/autyzm_badz_niebieski_015-300x225.jpg 300w, https:\/\/www.suh.edu.pl\/wp-content\/uploads\/2025\/04\/autyzm_badz_niebieski_015-768x576.jpg 768w, https:\/\/www.suh.edu.pl\/wp-content\/uploads\/2025\/04\/autyzm_badz_niebieski_015.jpg 1280w\" sizes=\"(max-width: 1024px) 100vw, 1024px\" \/><\/a><\/figure>\n\n\n\n<figure class=\"wp-block-image size-large\"><a href=\"https:\/\/www.suh.edu.pl\/wp-content\/uploads\/2025\/04\/autyzm_badz_niebieski_016.jpg\"><img loading=\"lazy\" decoding=\"async\" width=\"1024\" height=\"768\" data-id=\"15011\" src=\"https:\/\/www.suh.edu.pl\/wp-content\/uploads\/2025\/04\/autyzm_badz_niebieski_016-1024x768.jpg\" alt=\"\" class=\"wp-image-15011\" srcset=\"https:\/\/www.suh.edu.pl\/wp-content\/uploads\/2025\/04\/autyzm_badz_niebieski_016-1024x768.jpg 1024w, https:\/\/www.suh.edu.pl\/wp-content\/uploads\/2025\/04\/autyzm_badz_niebieski_016-300x225.jpg 300w, https:\/\/www.suh.edu.pl\/wp-content\/uploads\/2025\/04\/autyzm_badz_niebieski_016-768x576.jpg 768w, https:\/\/www.suh.edu.pl\/wp-content\/uploads\/2025\/04\/autyzm_badz_niebieski_016.jpg 1280w\" sizes=\"(max-width: 1024px) 100vw, 1024px\" \/><\/a><\/figure>\n\n\n\n<figure class=\"wp-block-image size-large\"><a href=\"https:\/\/www.suh.edu.pl\/wp-content\/uploads\/2025\/04\/autyzm_badz_niebieski_019.jpg\"><img loading=\"lazy\" decoding=\"async\" width=\"1024\" height=\"771\" data-id=\"15012\" src=\"https:\/\/www.suh.edu.pl\/wp-content\/uploads\/2025\/04\/autyzm_badz_niebieski_019-1024x771.jpg\" alt=\"\" class=\"wp-image-15012\" srcset=\"https:\/\/www.suh.edu.pl\/wp-content\/uploads\/2025\/04\/autyzm_badz_niebieski_019-1024x771.jpg 1024w, https:\/\/www.suh.edu.pl\/wp-content\/uploads\/2025\/04\/autyzm_badz_niebieski_019-300x226.jpg 300w, https:\/\/www.suh.edu.pl\/wp-content\/uploads\/2025\/04\/autyzm_badz_niebieski_019-768x578.jpg 768w, https:\/\/www.suh.edu.pl\/wp-content\/uploads\/2025\/04\/autyzm_badz_niebieski_019.jpg 1280w\" sizes=\"(max-width: 1024px) 100vw, 1024px\" \/><\/a><\/figure>\n\n\n\n<figure class=\"wp-block-image size-large\"><a href=\"https:\/\/www.suh.edu.pl\/wp-content\/uploads\/2025\/04\/autyzm_badz_niebieski_021.jpg\"><img loading=\"lazy\" decoding=\"async\" width=\"1024\" height=\"771\" data-id=\"15013\" src=\"https:\/\/www.suh.edu.pl\/wp-content\/uploads\/2025\/04\/autyzm_badz_niebieski_021-1024x771.jpg\" alt=\"\" class=\"wp-image-15013\" srcset=\"https:\/\/www.suh.edu.pl\/wp-content\/uploads\/2025\/04\/autyzm_badz_niebieski_021-1024x771.jpg 1024w, https:\/\/www.suh.edu.pl\/wp-content\/uploads\/2025\/04\/autyzm_badz_niebieski_021-300x226.jpg 300w, https:\/\/www.suh.edu.pl\/wp-content\/uploads\/2025\/04\/autyzm_badz_niebieski_021-768x578.jpg 768w, https:\/\/www.suh.edu.pl\/wp-content\/uploads\/2025\/04\/autyzm_badz_niebieski_021.jpg 1280w\" sizes=\"(max-width: 1024px) 100vw, 1024px\" \/><\/a><\/figure>\n\n\n\n<figure class=\"wp-block-image size-large\"><a href=\"https:\/\/www.suh.edu.pl\/wp-content\/uploads\/2025\/04\/autyzm_badz_niebieski_022.jpg\"><img loading=\"lazy\" decoding=\"async\" width=\"1024\" height=\"771\" data-id=\"15014\" src=\"https:\/\/www.suh.edu.pl\/wp-content\/uploads\/2025\/04\/autyzm_badz_niebieski_022-1024x771.jpg\" alt=\"\" class=\"wp-image-15014\" srcset=\"https:\/\/www.suh.edu.pl\/wp-content\/uploads\/2025\/04\/autyzm_badz_niebieski_022-1024x771.jpg 1024w, https:\/\/www.suh.edu.pl\/wp-content\/uploads\/2025\/04\/autyzm_badz_niebieski_022-300x226.jpg 300w, https:\/\/www.suh.edu.pl\/wp-content\/uploads\/2025\/04\/autyzm_badz_niebieski_022-768x578.jpg 768w, https:\/\/www.suh.edu.pl\/wp-content\/uploads\/2025\/04\/autyzm_badz_niebieski_022.jpg 1280w\" sizes=\"(max-width: 1024px) 100vw, 1024px\" \/><\/a><\/figure>\n\n\n\n<figure class=\"wp-block-image size-large\"><a href=\"https:\/\/www.suh.edu.pl\/wp-content\/uploads\/2025\/04\/autyzm_badz_niebieski_023.jpg\"><img loading=\"lazy\" decoding=\"async\" width=\"1024\" height=\"771\" data-id=\"15015\" src=\"https:\/\/www.suh.edu.pl\/wp-content\/uploads\/2025\/04\/autyzm_badz_niebieski_023-1024x771.jpg\" alt=\"\" class=\"wp-image-15015\" srcset=\"https:\/\/www.suh.edu.pl\/wp-content\/uploads\/2025\/04\/autyzm_badz_niebieski_023-1024x771.jpg 1024w, https:\/\/www.suh.edu.pl\/wp-content\/uploads\/2025\/04\/autyzm_badz_niebieski_023-300x226.jpg 300w, https:\/\/www.suh.edu.pl\/wp-content\/uploads\/2025\/04\/autyzm_badz_niebieski_023-768x578.jpg 768w, https:\/\/www.suh.edu.pl\/wp-content\/uploads\/2025\/04\/autyzm_badz_niebieski_023.jpg 1280w\" sizes=\"(max-width: 1024px) 100vw, 1024px\" \/><\/a><\/figure>\n\n\n\n<figure class=\"wp-block-image size-large\"><a href=\"https:\/\/www.suh.edu.pl\/wp-content\/uploads\/2025\/04\/autyzm_badz_niebieski_024.jpg\"><img loading=\"lazy\" decoding=\"async\" width=\"1024\" height=\"771\" data-id=\"15016\" src=\"https:\/\/www.suh.edu.pl\/wp-content\/uploads\/2025\/04\/autyzm_badz_niebieski_024-1024x771.jpg\" alt=\"\" class=\"wp-image-15016\" srcset=\"https:\/\/www.suh.edu.pl\/wp-content\/uploads\/2025\/04\/autyzm_badz_niebieski_024-1024x771.jpg 1024w, https:\/\/www.suh.edu.pl\/wp-content\/uploads\/2025\/04\/autyzm_badz_niebieski_024-300x226.jpg 300w, https:\/\/www.suh.edu.pl\/wp-content\/uploads\/2025\/04\/autyzm_badz_niebieski_024-768x578.jpg 768w, https:\/\/www.suh.edu.pl\/wp-content\/uploads\/2025\/04\/autyzm_badz_niebieski_024.jpg 1280w\" sizes=\"(max-width: 1024px) 100vw, 1024px\" \/><\/a><\/figure>\n\n\n\n<figure class=\"wp-block-image size-large\"><a href=\"https:\/\/www.suh.edu.pl\/wp-content\/uploads\/2025\/04\/autyzm_badz_niebieski_025.jpg\"><img loading=\"lazy\" decoding=\"async\" width=\"1024\" height=\"771\" data-id=\"15017\" src=\"https:\/\/www.suh.edu.pl\/wp-content\/uploads\/2025\/04\/autyzm_badz_niebieski_025-1024x771.jpg\" alt=\"\" class=\"wp-image-15017\" srcset=\"https:\/\/www.suh.edu.pl\/wp-content\/uploads\/2025\/04\/autyzm_badz_niebieski_025-1024x771.jpg 1024w, https:\/\/www.suh.edu.pl\/wp-content\/uploads\/2025\/04\/autyzm_badz_niebieski_025-300x226.jpg 300w, https:\/\/www.suh.edu.pl\/wp-content\/uploads\/2025\/04\/autyzm_badz_niebieski_025-768x578.jpg 768w, https:\/\/www.suh.edu.pl\/wp-content\/uploads\/2025\/04\/autyzm_badz_niebieski_025.jpg 1280w\" sizes=\"(max-width: 1024px) 100vw, 1024px\" \/><\/a><\/figure>\n\n\n\n<figure class=\"wp-block-image size-large\"><a href=\"https:\/\/www.suh.edu.pl\/wp-content\/uploads\/2025\/04\/autyzm_badz_niebieski_026.jpg\"><img loading=\"lazy\" decoding=\"async\" width=\"1024\" height=\"771\" data-id=\"15018\" src=\"https:\/\/www.suh.edu.pl\/wp-content\/uploads\/2025\/04\/autyzm_badz_niebieski_026-1024x771.jpg\" alt=\"\" class=\"wp-image-15018\" srcset=\"https:\/\/www.suh.edu.pl\/wp-content\/uploads\/2025\/04\/autyzm_badz_niebieski_026-1024x771.jpg 1024w, https:\/\/www.suh.edu.pl\/wp-content\/uploads\/2025\/04\/autyzm_badz_niebieski_026-300x226.jpg 300w, https:\/\/www.suh.edu.pl\/wp-content\/uploads\/2025\/04\/autyzm_badz_niebieski_026-768x578.jpg 768w, https:\/\/www.suh.edu.pl\/wp-content\/uploads\/2025\/04\/autyzm_badz_niebieski_026.jpg 1280w\" sizes=\"(max-width: 1024px) 100vw, 1024px\" \/><\/a><\/figure>\n\n\n\n<figure class=\"wp-block-image size-large\"><a href=\"https:\/\/www.suh.edu.pl\/wp-content\/uploads\/2025\/04\/autyzm_badz_niebieski_027.jpg\"><img loading=\"lazy\" decoding=\"async\" width=\"1024\" height=\"771\" data-id=\"15019\" src=\"https:\/\/www.suh.edu.pl\/wp-content\/uploads\/2025\/04\/autyzm_badz_niebieski_027-1024x771.jpg\" alt=\"\" class=\"wp-image-15019\" srcset=\"https:\/\/www.suh.edu.pl\/wp-content\/uploads\/2025\/04\/autyzm_badz_niebieski_027-1024x771.jpg 1024w, https:\/\/www.suh.edu.pl\/wp-content\/uploads\/2025\/04\/autyzm_badz_niebieski_027-300x226.jpg 300w, https:\/\/www.suh.edu.pl\/wp-content\/uploads\/2025\/04\/autyzm_badz_niebieski_027-768x578.jpg 768w, https:\/\/www.suh.edu.pl\/wp-content\/uploads\/2025\/04\/autyzm_badz_niebieski_027.jpg 1280w\" sizes=\"(max-width: 1024px) 100vw, 1024px\" \/><\/a><\/figure>\n\n\n\n<figure class=\"wp-block-image size-large\"><a href=\"https:\/\/www.suh.edu.pl\/wp-content\/uploads\/2025\/04\/autyzm_badz_niebieski_028.jpg\"><img loading=\"lazy\" decoding=\"async\" width=\"1024\" height=\"771\" data-id=\"15020\" src=\"https:\/\/www.suh.edu.pl\/wp-content\/uploads\/2025\/04\/autyzm_badz_niebieski_028-1024x771.jpg\" alt=\"\" class=\"wp-image-15020\" srcset=\"https:\/\/www.suh.edu.pl\/wp-content\/uploads\/2025\/04\/autyzm_badz_niebieski_028-1024x771.jpg 1024w, https:\/\/www.suh.edu.pl\/wp-content\/uploads\/2025\/04\/autyzm_badz_niebieski_028-300x226.jpg 300w, https:\/\/www.suh.edu.pl\/wp-content\/uploads\/2025\/04\/autyzm_badz_niebieski_028-768x578.jpg 768w, https:\/\/www.suh.edu.pl\/wp-content\/uploads\/2025\/04\/autyzm_badz_niebieski_028.jpg 1280w\" sizes=\"(max-width: 1024px) 100vw, 1024px\" \/><\/a><\/figure>\n\n\n\n<figure class=\"wp-block-image size-large\"><a href=\"https:\/\/www.suh.edu.pl\/wp-content\/uploads\/2025\/04\/autyzm_badz_niebieski_029.jpg\"><img loading=\"lazy\" decoding=\"async\" width=\"1024\" height=\"771\" data-id=\"15021\" src=\"https:\/\/www.suh.edu.pl\/wp-content\/uploads\/2025\/04\/autyzm_badz_niebieski_029-1024x771.jpg\" alt=\"\" class=\"wp-image-15021\" srcset=\"https:\/\/www.suh.edu.pl\/wp-content\/uploads\/2025\/04\/autyzm_badz_niebieski_029-1024x771.jpg 1024w, https:\/\/www.suh.edu.pl\/wp-content\/uploads\/2025\/04\/autyzm_badz_niebieski_029-300x226.jpg 300w, https:\/\/www.suh.edu.pl\/wp-content\/uploads\/2025\/04\/autyzm_badz_niebieski_029-768x578.jpg 768w, https:\/\/www.suh.edu.pl\/wp-content\/uploads\/2025\/04\/autyzm_badz_niebieski_029.jpg 1280w\" sizes=\"(max-width: 1024px) 100vw, 1024px\" \/><\/a><\/figure>\n\n\n\n<figure class=\"wp-block-image size-large\"><a href=\"https:\/\/www.suh.edu.pl\/wp-content\/uploads\/2025\/04\/autyzm_badz_niebieski_031.jpg\"><img loading=\"lazy\" decoding=\"async\" width=\"1024\" height=\"771\" data-id=\"15023\" src=\"https:\/\/www.suh.edu.pl\/wp-content\/uploads\/2025\/04\/autyzm_badz_niebieski_031-1024x771.jpg\" alt=\"\" class=\"wp-image-15023\" srcset=\"https:\/\/www.suh.edu.pl\/wp-content\/uploads\/2025\/04\/autyzm_badz_niebieski_031-1024x771.jpg 1024w, https:\/\/www.suh.edu.pl\/wp-content\/uploads\/2025\/04\/autyzm_badz_niebieski_031-300x226.jpg 300w, https:\/\/www.suh.edu.pl\/wp-content\/uploads\/2025\/04\/autyzm_badz_niebieski_031-768x578.jpg 768w, https:\/\/www.suh.edu.pl\/wp-content\/uploads\/2025\/04\/autyzm_badz_niebieski_031.jpg 1280w\" sizes=\"(max-width: 1024px) 100vw, 1024px\" \/><\/a><\/figure>\n\n\n\n<figure class=\"wp-block-image size-large\"><a href=\"https:\/\/www.suh.edu.pl\/wp-content\/uploads\/2025\/04\/autyzm_badz_niebieski_032.jpg\"><img loading=\"lazy\" decoding=\"async\" width=\"1024\" height=\"771\" data-id=\"15024\" src=\"https:\/\/www.suh.edu.pl\/wp-content\/uploads\/2025\/04\/autyzm_badz_niebieski_032-1024x771.jpg\" alt=\"\" class=\"wp-image-15024\" srcset=\"https:\/\/www.suh.edu.pl\/wp-content\/uploads\/2025\/04\/autyzm_badz_niebieski_032-1024x771.jpg 1024w, https:\/\/www.suh.edu.pl\/wp-content\/uploads\/2025\/04\/autyzm_badz_niebieski_032-300x226.jpg 300w, https:\/\/www.suh.edu.pl\/wp-content\/uploads\/2025\/04\/autyzm_badz_niebieski_032-768x578.jpg 768w, https:\/\/www.suh.edu.pl\/wp-content\/uploads\/2025\/04\/autyzm_badz_niebieski_032.jpg 1280w\" sizes=\"(max-width: 1024px) 100vw, 1024px\" \/><\/a><\/figure>\n\n\n\n<figure class=\"wp-block-image size-large\"><a href=\"https:\/\/www.suh.edu.pl\/wp-content\/uploads\/2025\/04\/autyzm_badz_niebieski_033.jpg\"><img loading=\"lazy\" decoding=\"async\" width=\"1024\" height=\"771\" data-id=\"15025\" src=\"https:\/\/www.suh.edu.pl\/wp-content\/uploads\/2025\/04\/autyzm_badz_niebieski_033-1024x771.jpg\" alt=\"\" class=\"wp-image-15025\" srcset=\"https:\/\/www.suh.edu.pl\/wp-content\/uploads\/2025\/04\/autyzm_badz_niebieski_033-1024x771.jpg 1024w, https:\/\/www.suh.edu.pl\/wp-content\/uploads\/2025\/04\/autyzm_badz_niebieski_033-300x226.jpg 300w, https:\/\/www.suh.edu.pl\/wp-content\/uploads\/2025\/04\/autyzm_badz_niebieski_033-768x578.jpg 768w, https:\/\/www.suh.edu.pl\/wp-content\/uploads\/2025\/04\/autyzm_badz_niebieski_033.jpg 1280w\" sizes=\"(max-width: 1024px) 100vw, 1024px\" \/><\/a><\/figure>\n\n\n\n<figure class=\"wp-block-image size-large\"><a href=\"https:\/\/www.suh.edu.pl\/wp-content\/uploads\/2025\/04\/autyzm_badz_niebieski_034.jpg\"><img loading=\"lazy\" decoding=\"async\" width=\"1024\" height=\"771\" data-id=\"15026\" src=\"https:\/\/www.suh.edu.pl\/wp-content\/uploads\/2025\/04\/autyzm_badz_niebieski_034-1024x771.jpg\" alt=\"\" class=\"wp-image-15026\" srcset=\"https:\/\/www.suh.edu.pl\/wp-content\/uploads\/2025\/04\/autyzm_badz_niebieski_034-1024x771.jpg 1024w, https:\/\/www.suh.edu.pl\/wp-content\/uploads\/2025\/04\/autyzm_badz_niebieski_034-300x226.jpg 300w, https:\/\/www.suh.edu.pl\/wp-content\/uploads\/2025\/04\/autyzm_badz_niebieski_034-768x578.jpg 768w, https:\/\/www.suh.edu.pl\/wp-content\/uploads\/2025\/04\/autyzm_badz_niebieski_034.jpg 1280w\" sizes=\"(max-width: 1024px) 100vw, 1024px\" \/><\/a><\/figure>\n\n\n\n<figure class=\"wp-block-image size-large\"><a href=\"https:\/\/www.suh.edu.pl\/wp-content\/uploads\/2025\/04\/autyzm_badz_niebieski_035.jpg\"><img loading=\"lazy\" decoding=\"async\" width=\"1024\" height=\"771\" data-id=\"15027\" src=\"https:\/\/www.suh.edu.pl\/wp-content\/uploads\/2025\/04\/autyzm_badz_niebieski_035-1024x771.jpg\" alt=\"\" class=\"wp-image-15027\" srcset=\"https:\/\/www.suh.edu.pl\/wp-content\/uploads\/2025\/04\/autyzm_badz_niebieski_035-1024x771.jpg 1024w, https:\/\/www.suh.edu.pl\/wp-content\/uploads\/2025\/04\/autyzm_badz_niebieski_035-300x226.jpg 300w, https:\/\/www.suh.edu.pl\/wp-content\/uploads\/2025\/04\/autyzm_badz_niebieski_035-768x578.jpg 768w, https:\/\/www.suh.edu.pl\/wp-content\/uploads\/2025\/04\/autyzm_badz_niebieski_035.jpg 1280w\" sizes=\"(max-width: 1024px) 100vw, 1024px\" \/><\/a><\/figure>\n\n\n\n<figure class=\"wp-block-image size-large\"><a href=\"https:\/\/www.suh.edu.pl\/wp-content\/uploads\/2025\/04\/autyzm_badz_niebieski_036.jpg\"><img loading=\"lazy\" decoding=\"async\" width=\"1024\" height=\"771\" data-id=\"15028\" src=\"https:\/\/www.suh.edu.pl\/wp-content\/uploads\/2025\/04\/autyzm_badz_niebieski_036-1024x771.jpg\" alt=\"\" class=\"wp-image-15028\" srcset=\"https:\/\/www.suh.edu.pl\/wp-content\/uploads\/2025\/04\/autyzm_badz_niebieski_036-1024x771.jpg 1024w, https:\/\/www.suh.edu.pl\/wp-content\/uploads\/2025\/04\/autyzm_badz_niebieski_036-300x226.jpg 300w, https:\/\/www.suh.edu.pl\/wp-content\/uploads\/2025\/04\/autyzm_badz_niebieski_036-768x578.jpg 768w, https:\/\/www.suh.edu.pl\/wp-content\/uploads\/2025\/04\/autyzm_badz_niebieski_036.jpg 1280w\" sizes=\"(max-width: 1024px) 100vw, 1024px\" \/><\/a><\/figure>\n\n\n\n<figure class=\"wp-block-image size-large\"><a href=\"https:\/\/www.suh.edu.pl\/wp-content\/uploads\/2025\/04\/autyzm_badz_niebieski_037.jpg\"><img loading=\"lazy\" decoding=\"async\" width=\"1024\" height=\"771\" data-id=\"15029\" src=\"https:\/\/www.suh.edu.pl\/wp-content\/uploads\/2025\/04\/autyzm_badz_niebieski_037-1024x771.jpg\" alt=\"\" class=\"wp-image-15029\" srcset=\"https:\/\/www.suh.edu.pl\/wp-content\/uploads\/2025\/04\/autyzm_badz_niebieski_037-1024x771.jpg 1024w, https:\/\/www.suh.edu.pl\/wp-content\/uploads\/2025\/04\/autyzm_badz_niebieski_037-300x226.jpg 300w, https:\/\/www.suh.edu.pl\/wp-content\/uploads\/2025\/04\/autyzm_badz_niebieski_037-768x578.jpg 768w, https:\/\/www.suh.edu.pl\/wp-content\/uploads\/2025\/04\/autyzm_badz_niebieski_037.jpg 1280w\" sizes=\"(max-width: 1024px) 100vw, 1024px\" \/><\/a><\/figure>\n\n\n\n<figure class=\"wp-block-image size-large\"><a href=\"https:\/\/www.suh.edu.pl\/wp-content\/uploads\/2025\/04\/autyzm_badz_niebieski_038.jpg\"><img loading=\"lazy\" decoding=\"async\" width=\"1024\" height=\"771\" data-id=\"15030\" src=\"https:\/\/www.suh.edu.pl\/wp-content\/uploads\/2025\/04\/autyzm_badz_niebieski_038-1024x771.jpg\" alt=\"\" class=\"wp-image-15030\" srcset=\"https:\/\/www.suh.edu.pl\/wp-content\/uploads\/2025\/04\/autyzm_badz_niebieski_038-1024x771.jpg 1024w, https:\/\/www.suh.edu.pl\/wp-content\/uploads\/2025\/04\/autyzm_badz_niebieski_038-300x226.jpg 300w, https:\/\/www.suh.edu.pl\/wp-content\/uploads\/2025\/04\/autyzm_badz_niebieski_038-768x578.jpg 768w, https:\/\/www.suh.edu.pl\/wp-content\/uploads\/2025\/04\/autyzm_badz_niebieski_038.jpg 1280w\" sizes=\"(max-width: 1024px) 100vw, 1024px\" \/><\/a><\/figure>\n<\/figure>\n","protected":false},"excerpt":{"rendered":"<p>Od kilku lat kwiecie\u0144 jest \u015awiatowym Miesi\u0105cem Wiedzy na Temat Autyzmu, by zwr\u00f3ci\u0107 uwag\u0119 spo\u0142ecze\u0144stwa na potrzeby i problemy os\u00f3b dotkni\u0119tych autyzmem. My, r\u00f3wnie\u017c wyra\u017camy nasz\u0105 solidarno\u015b\u0107, chcemy wiedzie\u0107 wi\u0119cej &nbsp;i propagowa\u0107 wiedz\u0119 na ten temat. &nbsp;&nbsp;&nbsp;&nbsp; Kolorem symbolizuj\u0105cym autyzm &hellip; <a href=\"https:\/\/www.suh.edu.pl\/?p=15000\">Czytaj dalej <span class=\"meta-nav\">&rarr;<\/span><\/a><\/p>\n","protected":false},"author":1,"featured_media":0,"comment_status":"open","ping_status":"open","sticky":false,"template":"","format":"standard","meta":{"footnotes":""},"categories":[1],"tags":[],"class_list":["post-15000","post","type-post","status-publish","format-standard","hentry","category-bez-kategorii"],"_links":{"self":[{"href":"https:\/\/www.suh.edu.pl\/index.php?rest_route=\/wp\/v2\/posts\/15000"}],"collection":[{"href":"https:\/\/www.suh.edu.pl\/index.php?rest_route=\/wp\/v2\/posts"}],"about":[{"href":"https:\/\/www.suh.edu.pl\/index.php?rest_route=\/wp\/v2\/types\/post"}],"author":[{"embeddable":true,"href":"https:\/\/www.suh.edu.pl\/index.php?rest_route=\/wp\/v2\/users\/1"}],"replies":[{"embeddable":true,"href":"https:\/\/www.suh.edu.pl\/index.php?rest_route=%2Fwp%2Fv2%2Fcomments&post=15000"}],"version-history":[{"count":1,"href":"https:\/\/www.suh.edu.pl\/index.php?rest_route=\/wp\/v2\/posts\/15000\/revisions"}],"predecessor-version":[{"id":15033,"href":"https:\/\/www.suh.edu.pl\/index.php?rest_route=\/wp\/v2\/posts\/15000\/revisions\/15033"}],"wp:attachment":[{"href":"https:\/\/www.suh.edu.pl\/index.php?rest_route=%2Fwp%2Fv2%2Fmedia&parent=15000"}],"wp:term":[{"taxonomy":"category","embeddable":true,"href":"https:\/\/www.suh.edu.pl\/index.php?rest_route=%2Fwp%2Fv2%2Fcategories&post=15000"},{"taxonomy":"post_tag","embeddable":true,"href":"https:\/\/www.suh.edu.pl\/index.php?rest_route=%2Fwp%2Fv2%2Ftags&post=15000"}],"curies":[{"name":"wp","href":"https:\/\/api.w.org\/{rel}","templated":true}]}}